{"id":2155,"count":6,"description":"Le Racquet Sense repr\u00e9sente une approche sophistiqu\u00e9e de la conception. Chaque aspect du profil de la raquette est mapp\u00e9 avec pr\u00e9cision pour optimiser le temps de jeu et le transfert d'\u00e9nergie, tout en maintenant la surface d'impact constamment stable.","link":"https:\/\/www.prokennex.eu\/fr\/technologies\/racquet-sense-fr\/","name":"Racquet Sense","slug":"racquet-sense-fr","taxonomy":"tecnologia","parent":0,"meta":[],"acf":[],"yoast_head":"<!-- This site is optimized with the Yoast SEO plugin v27.4 - https:\/\/yoast.com\/product\/yoast-seo-wordpress\/ -->\n<title>Racquet Sense - ProKennex Racchette e Accessori<\/title>\n<meta name=\"robots\" content=\"index, follow, max-snippet:-1, max-image-preview:large, max-video-preview:-1\" \/>\n<link rel=\"canonical\" href=\"https:\/\/www.prokennex.eu\/fr\/technologies\/racquet-sense-fr\/\" \/>\n<meta property=\"og:locale\" content=\"fr_FR\" \/>\n<meta property=\"og:type\" content=\"article\" \/>\n<meta property=\"og:title\" content=\"Racquet Sense - ProKennex Racchette e Accessori\" \/>\n<meta property=\"og:description\" content=\"Le Racquet Sense repr\u00e9sente une approche sophistiqu\u00e9e de la conception. Chaque aspect du profil de la raquette est mapp\u00e9 avec pr\u00e9cision pour optimiser le temps de jeu et le transfert d&rsquo;\u00e9nergie, tout en maintenant la surface d&rsquo;impact constamment stable.\" \/>\n<meta property=\"og:url\" content=\"https:\/\/www.prokennex.eu\/fr\/technologies\/racquet-sense-fr\/\" \/>\n<meta property=\"og:site_name\" content=\"ProKennex Racchette e Accessori\" \/>\n<meta name=\"twitter:card\" content=\"summary_large_image\" \/>\n<script type=\"application\/ld+json\" class=\"yoast-schema-graph\">{\"@context\":\"https:\\\/\\\/schema.org\",\"@graph\":[{\"@type\":\"CollectionPage\",\"@id\":\"https:\\\/\\\/www.prokennex.eu\\\/fr\\\/technologies\\\/racquet-sense-fr\\\/\",\"url\":\"https:\\\/\\\/www.prokennex.eu\\\/fr\\\/technologies\\\/racquet-sense-fr\\\/\",\"name\":\"Racquet Sense - ProKennex Racchette e Accessori\",\"isPartOf\":{\"@id\":\"https:\\\/\\\/www.prokennex.eu\\\/fr\\\/#website\"},\"inLanguage\":\"fr-FR\"},{\"@type\":\"WebSite\",\"@id\":\"https:\\\/\\\/www.prokennex.eu\\\/fr\\\/#website\",\"url\":\"https:\\\/\\\/www.prokennex.eu\\\/fr\\\/\",\"name\":\"ProKennex Racchette e Accessori\",\"description\":\"Tomorrow&#039;s Technologies\",\"publisher\":{\"@id\":\"https:\\\/\\\/www.prokennex.eu\\\/fr\\\/#organization\"},\"potentialAction\":[{\"@type\":\"SearchAction\",\"target\":{\"@type\":\"EntryPoint\",\"urlTemplate\":\"https:\\\/\\\/www.prokennex.eu\\\/fr\\\/?s={search_term_string}\"},\"query-input\":{\"@type\":\"PropertyValueSpecification\",\"valueRequired\":true,\"valueName\":\"search_term_string\"}}],\"inLanguage\":\"fr-FR\"},{\"@type\":\"Organization\",\"@id\":\"https:\\\/\\\/www.prokennex.eu\\\/fr\\\/#organization\",\"name\":\"Pro Kennex s.r.l.\",\"url\":\"https:\\\/\\\/www.prokennex.eu\\\/fr\\\/\",\"logo\":{\"@type\":\"ImageObject\",\"inLanguage\":\"fr-FR\",\"@id\":\"https:\\\/\\\/www.prokennex.eu\\\/fr\\\/#\\\/schema\\\/logo\\\/image\\\/\",\"url\":\"https:\\\/\\\/www.prokennex.eu\\\/wp-content\\\/uploads\\\/2021\\\/09\\\/prokennex-logo.svg\",\"contentUrl\":\"https:\\\/\\\/www.prokennex.eu\\\/wp-content\\\/uploads\\\/2021\\\/09\\\/prokennex-logo.svg\",\"width\":\"1440\",\"height\":\"1080\",\"caption\":\"Pro Kennex s.r.l.\"},\"image\":{\"@id\":\"https:\\\/\\\/www.prokennex.eu\\\/fr\\\/#\\\/schema\\\/logo\\\/image\\\/\"}}]}<\/script>\n<!-- \/ Yoast SEO plugin. -->","yoast_head_json":{"title":"Racquet Sense - ProKennex Racchette e Accessori","robots":{"index":"index","follow":"follow","max-snippet":"max-snippet:-1","max-image-preview":"max-image-preview:large","max-video-preview":"max-video-preview:-1"},"canonical":"https:\/\/www.prokennex.eu\/fr\/technologies\/racquet-sense-fr\/","og_locale":"fr_FR","og_type":"article","og_title":"Racquet Sense - ProKennex Racchette e Accessori","og_description":"Le Racquet Sense repr\u00e9sente une approche sophistiqu\u00e9e de la conception. Chaque aspect du profil de la raquette est mapp\u00e9 avec pr\u00e9cision pour optimiser le temps de jeu et le transfert d&rsquo;\u00e9nergie, tout en maintenant la surface d&rsquo;impact constamment stable.","og_url":"https:\/\/www.prokennex.eu\/fr\/technologies\/racquet-sense-fr\/","og_site_name":"ProKennex Racchette e Accessori","twitter_card":"summary_large_image","schema":{"@context":"https:\/\/schema.org","@graph":[{"@type":"CollectionPage","@id":"https:\/\/www.prokennex.eu\/fr\/technologies\/racquet-sense-fr\/","url":"https:\/\/www.prokennex.eu\/fr\/technologies\/racquet-sense-fr\/","name":"Racquet Sense - ProKennex Racchette e Accessori","isPartOf":{"@id":"https:\/\/www.prokennex.eu\/fr\/#website"},"inLanguage":"fr-FR"},{"@type":"WebSite","@id":"https:\/\/www.prokennex.eu\/fr\/#website","url":"https:\/\/www.prokennex.eu\/fr\/","name":"ProKennex Racchette e Accessori","description":"Tomorrow&#039;s Technologies","publisher":{"@id":"https:\/\/www.prokennex.eu\/fr\/#organization"},"potentialAction":[{"@type":"SearchAction","target":{"@type":"EntryPoint","urlTemplate":"https:\/\/www.prokennex.eu\/fr\/?s={search_term_string}"},"query-input":{"@type":"PropertyValueSpecification","valueRequired":true,"valueName":"search_term_string"}}],"inLanguage":"fr-FR"},{"@type":"Organization","@id":"https:\/\/www.prokennex.eu\/fr\/#organization","name":"Pro Kennex s.r.l.","url":"https:\/\/www.prokennex.eu\/fr\/","logo":{"@type":"ImageObject","inLanguage":"fr-FR","@id":"https:\/\/www.prokennex.eu\/fr\/#\/schema\/logo\/image\/","url":"https:\/\/www.prokennex.eu\/wp-content\/uploads\/2021\/09\/prokennex-logo.svg","contentUrl":"https:\/\/www.prokennex.eu\/wp-content\/uploads\/2021\/09\/prokennex-logo.svg","width":"1440","height":"1080","caption":"Pro Kennex s.r.l."},"image":{"@id":"https:\/\/www.prokennex.eu\/fr\/#\/schema\/logo\/image\/"}}]}},"_links":{"self":[{"href":"https:\/\/www.prokennex.eu\/fr\/wp-json\/wp\/v2\/tecnologia\/2155","targetHints":{"allow":["GET"]}}],"collection":[{"href":"https:\/\/www.prokennex.eu\/fr\/wp-json\/wp\/v2\/tecnologia"}],"about":[{"href":"https:\/\/www.prokennex.eu\/fr\/wp-json\/wp\/v2\/taxonomies\/tecnologia"}],"wp:post_type":[{"href":"https:\/\/www.prokennex.eu\/fr\/wp-json\/wp\/v2\/product?tecnologia=2155"}],"curies":[{"name":"wp","href":"https:\/\/api.w.org\/{rel}","templated":true}]}}